{"id":6530,"date":"2023-04-27T15:52:44","date_gmt":"2023-04-27T15:52:44","guid":{"rendered":"https:\/\/anasac.com\/?p=6530"},"modified":"2025-08-04T13:16:15","modified_gmt":"2025-08-04T17:16:15","slug":"convencion-semillas-2023-anasac-chile","status":"publish","type":"post","link":"https:\/\/anasac.com\/pt\/convencion-semillas-2023-anasac-chile\/","title":{"rendered":"Conven\u00e7\u00e3o Seeds 2023, Anasac Chile."},"content":{"rendered":"<p><strong>La Convenci\u00f3n de la divisi\u00f3n semillas de Anasac Chile 2023, llevada a cabo del 19 al 21 de abril en el Hotel Iloca de la Regi\u00f3n del Maule,<\/strong> fue un rotundo \u00e9xito. La actividad comenz\u00f3 con una revisi\u00f3n detallada de las cifras del 2022, analizando cada rubro, destacando los desaf\u00edos y temas relevantes para su \u00e1rea y el contexto del mercado.<\/p>\n<p>Uno de los momentos m\u00e1s sobresalientes de la convenci\u00f3n fue la presentaci\u00f3n del nuevo software de ensayos \u00abMercado\u00bb por Alejandra Encina, el cual permitir\u00e1 sistematizar las operaciones de manera m\u00e1s profesional y completa.<\/p>\n<p>La jefa de Marketing, Patricia Gostin, anunci\u00f3 la apertura de las postulaciones del concurso Campo del A\u00f1o 2023, y Gabriel Orme\u00f1o, Gerente General de Anasac Chile, present\u00f3 las tendencias y desaf\u00edos para el presente a\u00f1o, revisando tambi\u00e9n los resultados de la encuesta de la divisi\u00f3n semilla.<\/p>\n<p>Mat\u00edas Crovetto, jefe de Operaciones Comerciales, destac\u00f3 la importancia del manejo de la informaci\u00f3n en las estrategias de venta y c\u00f3mo \u00e9sta puede ser utilizada para armar programas de trabajo. Por su parte, Ricardo Behen, Gerente de Semillas, cerr\u00f3 las con una exposici\u00f3n sobre c\u00f3mo incorporar las nuevas herramientas para hacer un cambio de h\u00e1bitos y comenzar a utilizarlas.<\/p>\n<p>El almuerzo se realiz\u00f3 en una vi\u00f1a cercana, y por la noche se otorg\u00f3 el premio al colaborador destacado del a\u00f1o, el cual fue para Juan Carlos Crovetto, quien destac\u00f3 por su actitud positiva, proactividad y compromiso con el \u00e1rea.<\/p>\n<p>Como conclusi\u00f3n, Ricardo Behen destac\u00f3 como fundamental la actividad, ya que es la instancia anual en que todo el equipo de Semillas de Anasac Chile, puede reunirse, fortaleciendo las relaciones y sintonizando con el trabajo de sus pares. Adem\u00e1s, Gabriel Orme\u00f1o pudo presentar la visi\u00f3n empresa, delineando los temas macro para este a\u00f1o y preparar para los desaf\u00edos futuros.<\/p>","protected":false},"excerpt":{"rendered":"<p>La Convenci\u00f3n de la divisi\u00f3n semillas de Anasac Chile 2023, llevada a cabo del 19 al 21 de abril en el Hotel Iloca de la Regi\u00f3n del Maule, fue un rotundo \u00e9xito. La actividad comenz\u00f3 con una revisi\u00f3n detallada de las cifras del 2022, analizando cada rubro, destacando los desaf\u00edos y temas relevantes para su [&hellip;]<\/p>\n","protected":false},"author":1,"featured_media":6531,"comment_status":"closed","ping_status":"open","sticky":false,"template":"","format":"standard","meta":{"footnotes":""},"categories":[62],"tags":[],"class_list":["post-6530","post","type-post","status-publish","format-standard","has-post-thumbnail","hentry","category-chile"],"_links":{"self":[{"href":"https:\/\/anasac.com\/pt\/wp-json\/wp\/v2\/posts\/6530","targetHints":{"allow":["GET"]}}],"collection":[{"href":"https:\/\/anasac.com\/pt\/wp-json\/wp\/v2\/posts"}],"about":[{"href":"https:\/\/anasac.com\/pt\/wp-json\/wp\/v2\/types\/post"}],"author":[{"embeddable":true,"href":"https:\/\/anasac.com\/pt\/wp-json\/wp\/v2\/users\/1"}],"replies":[{"embeddable":true,"href":"https:\/\/anasac.com\/pt\/wp-json\/wp\/v2\/comments?post=6530"}],"version-history":[{"count":2,"href":"https:\/\/anasac.com\/pt\/wp-json\/wp\/v2\/posts\/6530\/revisions"}],"predecessor-version":[{"id":10743,"href":"https:\/\/anasac.com\/pt\/wp-json\/wp\/v2\/posts\/6530\/revisions\/10743"}],"wp:featuredmedia":[{"embeddable":true,"href":"https:\/\/anasac.com\/pt\/wp-json\/wp\/v2\/media\/6531"}],"wp:attachment":[{"href":"https:\/\/anasac.com\/pt\/wp-json\/wp\/v2\/media?parent=6530"}],"wp:term":[{"taxonomy":"category","embeddable":true,"href":"https:\/\/anasac.com\/pt\/wp-json\/wp\/v2\/categories?post=6530"},{"taxonomy":"post_tag","embeddable":true,"href":"https:\/\/anasac.com\/pt\/wp-json\/wp\/v2\/tags?post=6530"}],"curies":[{"name":"wp","href":"https:\/\/api.w.org\/{rel}","templated":true}]}}